{"id":1218,"__str__":"Projeto de Lei Complementar Executivo n\u00ba 2 de 2023","link_detail_backend":"/materia/1218","metadata":{},"numero":2,"ano":2023,"numero_protocolo":null,"data_apresentacao":"2023-02-02","tipo_apresentacao":"E","data_publicacao":null,"numero_origem_externa":"","ano_origem_externa":null,"data_origem_externa":null,"apelido":"","dias_prazo":null,"data_fim_prazo":null,"em_tramitacao":false,"polemica":false,"objeto":"","complementar":false,"ementa":"DISP\u00d5E SOBRE A ALTERA\u00c7\u00c3O DO ANEXO II E VII - QUADRO DE CARGOS DE PROVIMENTO EFETIVO - REGIME ESTATUT\u00c1RIO DA LEI COMPLEMENTAR N\u00ba 003/2008 ALTERADO PELAS COMPLEMENTARES N\u00ba 003/2008, N\u00ba 005/2008 E N\u00ba 039/2013.","indexacao":"","observacao":"","resultado":"","texto_original":"http://sapl.igarapava.sp.leg.br/media/sapl/public/materialegislativa/2023/1218/proj._de_lei_complementar_002.2023._exec.pdf","data_ultima_atualizacao":"2024-02-23T15:34:37.076470-03:00","ip":"138.117.189.242","ultima_edicao":"2023-02-10T08:57:44.595823-03:00","tipo":3,"regime_tramitacao":5,"tipo_origem_externa":null,"local_origem_externa":null,"user":5,"anexadas":[],"autores":[20]}