{"id":1284,"__str__":"Requerimento Verbal n\u00ba 13 de 2023","link_detail_backend":"/materia/1284","metadata":{},"numero":13,"ano":2023,"numero_protocolo":null,"data_apresentacao":"2023-02-27","tipo_apresentacao":"O","data_publicacao":null,"numero_origem_externa":"","ano_origem_externa":null,"data_origem_externa":null,"apelido":"","dias_prazo":null,"data_fim_prazo":null,"em_tramitacao":false,"polemica":false,"objeto":"","complementar":false,"ementa":"NESTE MOMENTO A VEREADORA DRA. EDINAMAR SOLICITOU A DISPENSA DA PUBLICA\u00c7\u00c3O DA REDA\u00c7\u00c3O FINAL DO PROJETO DE DECRETO LEGISLATIVO 001/2023, DO PROJETO DE LEI 004/2022 DO LEGISLATIVO E DO PROJETO DE LEI COMPLEMENTAR 002/2023 DO EXECUTIVO, NOS TERMOS DO ARTIGO 185 DO REGIMENTO INTERNO.","indexacao":"","observacao":"","resultado":"","texto_original":null,"data_ultima_atualizacao":"2023-02-28T08:37:17.739839-03:00","ip":"138.117.189.242","ultima_edicao":"2023-02-28T08:34:11.396900-03:00","tipo":19,"regime_tramitacao":5,"tipo_origem_externa":null,"local_origem_externa":null,"user":5,"anexadas":[],"autores":[24]}