{"id":1285,"__str__":"Requerimento Verbal n\u00ba 14 de 2023","link_detail_backend":"/materia/1285","metadata":{},"numero":14,"ano":2023,"numero_protocolo":null,"data_apresentacao":"2023-02-27","tipo_apresentacao":"O","data_publicacao":null,"numero_origem_externa":"","ano_origem_externa":null,"data_origem_externa":null,"apelido":"","dias_prazo":null,"data_fim_prazo":null,"em_tramitacao":false,"polemica":false,"objeto":"","complementar":false,"ementa":"ENT\u00c3O O PRESIDENTE COLOCOU EM DISCUSS\u00c3O A REDA\u00c7\u00c3O FINAL DO PROJETO DE DECRETO LEGISLATIVO 001/2023, DO PROJETO DE LEI 004/2022 DO LEGISLATIVO E DO PROJETO DE LEI COMPLEMENTAR 002/2023 DO EXECUTIVO. AP\u00d3S COLOCOU EM VOTA\u00c7\u00c3O A REDA\u00c7\u00c3O FINAL DO PROJETO DE DECRETO LEGISLATIVO 001/2023, DO PROJETO DE LEI 004/2022 DO LEGISLATIVO E DO PROJETO DE LEI COMPLEMENTAR 002/2023 DO EXECUTIVO.\r\nREDA\u00c7\u00c3O FINAL DOS PROJETOS APROVADA.","indexacao":"","observacao":"","resultado":"","texto_original":null,"data_ultima_atualizacao":"2023-02-28T08:41:51.460589-03:00","ip":"138.117.189.242","ultima_edicao":"2023-02-28T08:40:20.560657-03:00","tipo":19,"regime_tramitacao":5,"tipo_origem_externa":null,"local_origem_externa":null,"user":5,"anexadas":[],"autores":[25]}