{"id":5369,"__str__":"Reda\u00e7\u00e3o Final Projetos n\u00ba 29 de 2025","link_detail_backend":"/materia/5369","metadata":{},"numero":29,"ano":2025,"numero_protocolo":null,"data_apresentacao":"2025-12-01","tipo_apresentacao":"O","data_publicacao":null,"numero_origem_externa":"","ano_origem_externa":null,"data_origem_externa":null,"apelido":"","dias_prazo":null,"data_fim_prazo":null,"em_tramitacao":false,"polemica":false,"objeto":"","complementar":false,"ementa":"AP\u00d3S A APROVA\u00c7\u00c3O DO REQUERIMENTO VERBAL DA VEREADORA O PRESIDENTE COLOCOU EM DISCUSS\u00c3O A REDA\u00c7\u00c3O FINAL DOS PROJETOS DE LEI 038 E 053/2025 DO EXECUTIVO E DOS PROJETO DE LEI 043, 044, 049 E 051/2025 DO LEGISLATIVO, NOS TERMOS DO ARTIGO 185 DO REGIMENTO INTERNO. ATO CONT\u00cdNUO COLOCOU EM VOTA\u00c7\u00c3O A REDA\u00c7\u00c3O FINAL DOS PROJETOS DE LEI 038 E 053/2025 DO EXECUTIVO E DOS PROJETO DE LEI 043, 044, 049 E 051/2025 DO LEGISLATIVO,  NOS TERMOS DO ARTIGO 185 DO REGIMENTO INTERNO. REDA\u00c7\u00c3O FINAL DOS PROJETOS APROVADA.","indexacao":"","observacao":"","resultado":"","texto_original":null,"data_ultima_atualizacao":"2025-12-02T08:27:58.772808-03:00","ip":"138.117.189.242","ultima_edicao":"2025-12-02T08:25:41.033592-03:00","tipo":27,"regime_tramitacao":5,"tipo_origem_externa":null,"local_origem_externa":null,"user":5,"anexadas":[],"autores":[22]}